{"id":1150,"date":"2026-03-11T17:27:21","date_gmt":"2026-03-11T17:27:21","guid":{"rendered":"https:\/\/inforegionalnea.com\/?p=1150"},"modified":"2026-03-11T17:27:22","modified_gmt":"2026-03-11T17:27:22","slug":"en-tres-dias-el-municipio-secuestro-mas-de-100-motos-por-irregularidades","status":"publish","type":"post","link":"https:\/\/inforegionalnea.com\/index.php\/2026\/03\/11\/en-tres-dias-el-municipio-secuestro-mas-de-100-motos-por-irregularidades\/","title":{"rendered":"EN TRES D\u00cdAS EL MUNICIPIO SECUESTR\u00d3 M\u00c1S DE 100 MOTOS POR IRREGULARIDADES"},"content":{"rendered":"\n<p>Durante un nuevo procedimiento de la Direcci\u00f3n de Tr\u00e1nsito de la Municipalidad de Corrientes secuestr\u00f3 cerca de 50 motocicletas por irregularidades. En el lapso de tres d\u00edas los funcionarios sacaron de circulaci\u00f3n m\u00e1s de 100 rodados.<audio src=\"https:\/\/www.radiosudamericana.com\/notix\/multimedia\/audios\/2026-03-11\/144190.mp3\"><\/audio><\/p>\n\n\n\n<p>La Municipalidad capitalina redobl\u00f3 la fiscalizaci\u00f3n vial con un objetivo central que apunta a prevenir los accidentes de tr\u00e1nsito en el ejido urbano, un flagelo que en los \u00faltimos a\u00f1os mut\u00f3 a partir de un cambio de preferencia, seg\u00fan el cual los motoveh\u00edculos pasaron a ser el medio de movilidad m\u00e1s elegido por los vecinos.<\/p>\n\n\n\n<p>En este sentido &nbsp;<strong>Yamand\u00fa Barrios<\/strong>, secretario de Movilidad y Seguridad Ciudadana del municipio de Corrientes, habl\u00f3 con Radio Sudamericana y dijo \u201clos dos objetivos que nos propusimos en este 2026 es alcoholemia en autos, especialmente en autos y motos, y falta de casco en motos\u201d.<\/p>\n\n\n\n<p>\u201cEn t\u00e9rminos de seguridad vial hay demasiado peligro innecesario en la calle, es un llamado a la muerte y nosotros somos la autoridad vial y tenemos que empezar a poner orden porque tambi\u00e9n eso significa alt\u00edsimos costos para el Estado provincial los accidentes de tr\u00e1nsito\u201d, asegur\u00f3.<\/p>\n\n\n\n<p>Asimismo dijo \u201csi nosotros vemos que la gente usa el codo de nariz, \u00a0porque parece que es humillante usar el casco\u00a0 donde corresponde que es en la cara, tenemos que actuar. Por algo se empieza y esta es la directiva de nuestro intendente Claudio Polich. Queremos ordenar el tr\u00e1nsito de la ciudad\u201d.<\/p>\n\n\n\n<p>Al ser consultado sobre la cantidad de motos secuestradas durante la ma\u00f1ana de este mi\u00e9rcoles, en los operativos en el barrio Mil Viviendas, el funcionario &nbsp;municipal respondi\u00f3&nbsp;<strong>\u201cfueron cerca de 50, en todos los procedimiento se incaut\u00f3 arriba de 40 rodados\u201d<\/strong>. Cabe aclarar que en tres d\u00edas sacaron de circulaci\u00f3n m\u00e1s de 100 motocicletas.<\/p>\n\n\n\n<p>\u201c<strong>No es el secuestro,&nbsp; ni la recaudaci\u00f3n el objetivo.<\/strong>&nbsp;El objetivo es que todos los ciudadanos entendamos que si uno se sube a la moto, el segundo acto despu\u00e9s de poner el cuerpo arriba de la moto es colocarse el casco. Como pas\u00f3 en su momento con el cintur\u00f3n de seguridad y el autom\u00f3vil\u201d, expres\u00f3.<\/p>\n\n\n\n<p>Otra de las preguntas que respondi\u00f3 el Secretario de Movilidad y Seguridad Ciudadana tuvo que ver con los seguidores de grupos de cumbia: \u201cEst\u00e1 en la agenda, y aparte les aclaro a todos, los seguidores no solamente andan de noche, muchos de ellos se mueven en motocicleta, muchas de esas motocicletas no tienen patente, y generalmente andan tambi\u00e9n sin casco durante la ma\u00f1ana o la tarde\u201d.<\/p>\n","protected":false},"excerpt":{"rendered":"<p>Durante un nuevo procedimiento de la Direcci\u00f3n de Tr\u00e1nsito de la Municipalidad de Corrientes secuestr\u00f3 [&hellip;]<\/p>\n","protected":false},"author":2,"featured_media":1151,"comment_status":"open","ping_status":"open","sticky":false,"template":"","format":"standard","meta":{"footnotes":""},"categories":[1],"tags":[],"_links":{"self":[{"href":"https:\/\/inforegionalnea.com\/index.php\/wp-json\/wp\/v2\/posts\/1150"}],"collection":[{"href":"https:\/\/inforegionalnea.com\/index.php\/wp-json\/wp\/v2\/posts"}],"about":[{"href":"https:\/\/inforegionalnea.com\/index.php\/wp-json\/wp\/v2\/types\/post"}],"author":[{"embeddable":true,"href":"https:\/\/inforegionalnea.com\/index.php\/wp-json\/wp\/v2\/users\/2"}],"replies":[{"embeddable":true,"href":"https:\/\/inforegionalnea.com\/index.php\/wp-json\/wp\/v2\/comments?post=1150"}],"version-history":[{"count":1,"href":"https:\/\/inforegionalnea.com\/index.php\/wp-json\/wp\/v2\/posts\/1150\/revisions"}],"predecessor-version":[{"id":1152,"href":"https:\/\/inforegionalnea.com\/index.php\/wp-json\/wp\/v2\/posts\/1150\/revisions\/1152"}],"wp:featuredmedia":[{"embeddable":true,"href":"https:\/\/inforegionalnea.com\/index.php\/wp-json\/wp\/v2\/media\/1151"}],"wp:attachment":[{"href":"https:\/\/inforegionalnea.com\/index.php\/wp-json\/wp\/v2\/media?parent=1150"}],"wp:term":[{"taxonomy":"category","embeddable":true,"href":"https:\/\/inforegionalnea.com\/index.php\/wp-json\/wp\/v2\/categories?post=1150"},{"taxonomy":"post_tag","embeddable":true,"href":"https:\/\/inforegionalnea.com\/index.php\/wp-json\/wp\/v2\/tags?post=1150"}],"curies":[{"name":"wp","href":"https:\/\/api.w.org\/{rel}","templated":true}]}}