{"id":1159,"date":"2026-03-11T17:29:55","date_gmt":"2026-03-11T17:29:55","guid":{"rendered":"https:\/\/inforegionalnea.com\/?p=1159"},"modified":"2026-03-11T17:29:56","modified_gmt":"2026-03-11T17:29:56","slug":"detuvieron-al-principal-sospechoso-de-un-doble-femicidio-en-chaco","status":"publish","type":"post","link":"https:\/\/inforegionalnea.com\/index.php\/2026\/03\/11\/detuvieron-al-principal-sospechoso-de-un-doble-femicidio-en-chaco\/","title":{"rendered":"DETUVIERON AL PRINCIPAL SOSPECHOSO DE UN DOBLE FEMICIDIO EN CHACO"},"content":{"rendered":"\n<p>David Ojeda fue capturado tras un operativo policial en la intersecci\u00f3n de la Ruta Nacional 16 y avenida Chacode la localidad de Quitilipi, Chaco. Es se\u00f1alado como el principal sospechoso por las muertes de Juliana Marcela Fr\u00edas, de 37 a\u00f1os, y Diana Yerlin G\u00f3mez, de 17, ocurrido el martes 10 de marzo.\u00a0<audio src=\"https:\/\/www.radiosudamericana.com\/notix\/multimedia\/audios\/2026-03-11\/861650.mp3\"><\/audio><\/p>\n\n\n\n<p>Un hombre identificado como\u00a0<strong>David Ojeda<\/strong>\u00a0fue detenido este martes en la\u00a0<strong>localidad chaque\u00f1a de Quitilipi<\/strong>, se\u00f1alado como el\u00a0<strong>principal sospechoso del doble femicidio<\/strong>\u00a0de\u00a0<strong>Juliana Marcela Fr\u00edas, de 37 a\u00f1os, y Diana Yerlin G\u00f3mez, de 17.<\/strong><\/p>\n\n\n\n<p>Las dos mujeres fueron halladas sin vida este martes 10 de marzon&nbsp;en la intersecci\u00f3n de la avenida 25 de Mayo y calle Paraguay de esa ciudad, lo que dio inicio a un amplio operativo de b\u00fasqueda para localizar al presunto responsable.<\/p>\n\n\n\n<p>Fuentes policiales indicaron que, luego de difundirse el hecho, se despleg\u00f3 un procedimiento en distintos puntos de la localidad y, aproximadamente tres horas despu\u00e9s de conocerse el crimen,<strong>&nbsp;el sospechoso fue localizado en la intersecci\u00f3n de la Ruta Provincial N\u00b04 y la Ruta Nacional N\u00b016<\/strong>, a la altura de la avenida Chaco.<\/p>\n\n\n\n<p>De acuerdo con la informaci\u00f3n brindada por la polic\u00eda a medios locales, durante el operativo&nbsp;<strong>el hombre amenaz\u00f3 con quitarse la vida y arrojarse a las v\u00edas del tren<\/strong>. Finalmente, los efectivos lograron reducirlo y concretar su detenci\u00f3n.<\/p>\n\n\n\n<p>En la investigaci\u00f3n intervienen la Subsecretar\u00eda de G\u00e9nero y Diversidad, a cargo de Sonia Valenzuela, y la Fiscal\u00eda N\u00b01 de S\u00e1enz Pe\u00f1a, dirigida por el fiscal C\u00e9sar Luis Collado, quienes contin\u00faan con las actuaciones para esclarecer el hecho.<\/p>\n","protected":false},"excerpt":{"rendered":"<p>David Ojeda fue capturado tras un operativo policial en la intersecci\u00f3n de la Ruta Nacional [&hellip;]<\/p>\n","protected":false},"author":2,"featured_media":1160,"comment_status":"open","ping_status":"open","sticky":false,"template":"","format":"standard","meta":{"footnotes":""},"categories":[1],"tags":[],"_links":{"self":[{"href":"https:\/\/inforegionalnea.com\/index.php\/wp-json\/wp\/v2\/posts\/1159"}],"collection":[{"href":"https:\/\/inforegionalnea.com\/index.php\/wp-json\/wp\/v2\/posts"}],"about":[{"href":"https:\/\/inforegionalnea.com\/index.php\/wp-json\/wp\/v2\/types\/post"}],"author":[{"embeddable":true,"href":"https:\/\/inforegionalnea.com\/index.php\/wp-json\/wp\/v2\/users\/2"}],"replies":[{"embeddable":true,"href":"https:\/\/inforegionalnea.com\/index.php\/wp-json\/wp\/v2\/comments?post=1159"}],"version-history":[{"count":1,"href":"https:\/\/inforegionalnea.com\/index.php\/wp-json\/wp\/v2\/posts\/1159\/revisions"}],"predecessor-version":[{"id":1161,"href":"https:\/\/inforegionalnea.com\/index.php\/wp-json\/wp\/v2\/posts\/1159\/revisions\/1161"}],"wp:featuredmedia":[{"embeddable":true,"href":"https:\/\/inforegionalnea.com\/index.php\/wp-json\/wp\/v2\/media\/1160"}],"wp:attachment":[{"href":"https:\/\/inforegionalnea.com\/index.php\/wp-json\/wp\/v2\/media?parent=1159"}],"wp:term":[{"taxonomy":"category","embeddable":true,"href":"https:\/\/inforegionalnea.com\/index.php\/wp-json\/wp\/v2\/categories?post=1159"},{"taxonomy":"post_tag","embeddable":true,"href":"https:\/\/inforegionalnea.com\/index.php\/wp-json\/wp\/v2\/tags?post=1159"}],"curies":[{"name":"wp","href":"https:\/\/api.w.org\/{rel}","templated":true}]}}