{"id":1162,"date":"2026-03-11T17:30:44","date_gmt":"2026-03-11T17:30:44","guid":{"rendered":"https:\/\/inforegionalnea.com\/?p=1162"},"modified":"2026-03-11T17:30:44","modified_gmt":"2026-03-11T17:30:44","slug":"caso-santino-alcaraz-quedo-en-libertad-el-conductor-involucrado-en-el-siniestro-fatal","status":"publish","type":"post","link":"https:\/\/inforegionalnea.com\/index.php\/2026\/03\/11\/caso-santino-alcaraz-quedo-en-libertad-el-conductor-involucrado-en-el-siniestro-fatal\/","title":{"rendered":"CASO SANTINO ALCARAZ: QUED\u00d3 EN LIBERTAD EL CONDUCTOR INVOLUCRADO EN EL SINIESTRO FATAL"},"content":{"rendered":"\n<p>As\u00ed lo confirm\u00f3 en exclusiva para Radio Sudamericana el abogado del joven conductor del autom\u00f3vil Fiat Palio involucrado en el siniestro que se cobr\u00f3 la vida de Santino Alcaraz. Si bien recuper\u00f3 la libertad luego de una serie de medidas restrictivas, Victor\u00a0Emanuel Torres continuar\u00e1 ligado a la causa.\u00a0<audio src=\"https:\/\/www.radiosudamericana.com\/notix\/multimedia\/audios\/2026-03-11\/437702.mp3\"><\/audio><\/p>\n\n\n\n<p>El abogado, Jorge Barboza, que defiende a&nbsp;<strong>V\u00edctor Emanuel Torres<\/strong>&nbsp;confirm\u00f3 en Radio Sudamericana que el detenido por el siniestro vial en el que muri\u00f3&nbsp;<strong>Santino Alcaraz<\/strong>, ocurrido el lunes 2 de marzo recuperar\u00e1 \u201cen las pr\u00f3ximas horas\u201d la libertad ambulatoria. Record\u00f3 que se modific\u00f3 la situaci\u00f3n de su defendido que permaneci\u00f3 detenido de manera preventiva tras haberse entregado d\u00edas despu\u00e9s del siniestro.<\/p>\n\n\n\n<p>El hecho sucedi\u00f3 en el cruce de\u00a0<strong>Avenida Cuba y calle Groussac<\/strong>\u00a0y desde el momento en el que se entreg\u00f3, Torres qued\u00f3 en situaci\u00f3n de detenci\u00f3n. El abogado coment\u00f3 que \u201cel fundamento era que no ten\u00eda justificado el domicilio\u201d, por lo que la defensa tom\u00f3 \u201cmedidas para realizar el informe socio ambiental y al poder acreditar su domicilio,\u00a0<strong>qued\u00f3 en libertad<\/strong>\u201d.<\/p>\n\n\n\n<p>M\u00e1s all\u00e1 de esto, aclar\u00f3 que&nbsp;<strong>\u201cesto no implica la desvinculaci\u00f3n de la causa\u201d<\/strong>, por lo que deber\u00e1 \u201cseguir una serie de medidas restrictivas, como presentarse cada 15 d\u00edas en la oficina judicial, la prohibici\u00f3n expresa de acercarse a familiares del fallecido, especialmente a su padre y a testigos, adem\u00e1s de no poder tramitar una licencia de conducir\u201d.<\/p>\n\n\n\n<p>El abogado explic\u00f3 en cuanto al desarrollo de la investigaci\u00f3n, indic\u00f3 que \u201cen cualquier hecho es determinante que el sospechado se ponga a disposici\u00f3n de la justicia porque el fin es que aclarar las responsabilidades\u201d. Apunt\u00f3 tambi\u00e9n que \u201clos videos (tomados de c\u00e1maras en la escena) van a ser fundamentales, pero es importante la din\u00e1mica del accidente\u201d.<\/p>\n\n\n\n<p>\u201cCon el mayor de los respetos a la familia,&nbsp;<strong>nuestra teor\u00eda del caso es que la moto lo atropella<\/strong>\u201d, dijo, respecto de la mec\u00e1nica del siniestro. Indic\u00f3 que existen dos videos que muestran \u201ccuando Torres llega a la encrucijada, se detiene y cuando va pasando, se produce el impacto\u201d. Posteriormente, apunt\u00f3 que cuando termina de pasar, despu\u00e9s del choque, \u201cse ve que el auto enciende las luces de freno y luego sigue su marcha\u201d.<\/p>\n\n\n\n<p>&nbsp;El abogado dijo que la calificaci\u00f3n de homicidio culposo en accidente de tr\u00e1nsito, agravada por no quedarse en el lugar&nbsp;<strong>\u201ces la correcta\u201d<\/strong>. Reiter\u00f3 que \u201cno hubo abandono de persona porque el muchacho muri\u00f3 inmediatamente\u201d. Por estos motivos, la condena que le corresponder\u00eda va de los tres a los seis a\u00f1os de prisi\u00f3n.<\/p>\n","protected":false},"excerpt":{"rendered":"<p>As\u00ed lo confirm\u00f3 en exclusiva para Radio Sudamericana el abogado del joven conductor del autom\u00f3vil [&hellip;]<\/p>\n","protected":false},"author":2,"featured_media":1163,"comment_status":"open","ping_status":"open","sticky":false,"template":"","format":"standard","meta":{"footnotes":""},"categories":[1],"tags":[],"_links":{"self":[{"href":"https:\/\/inforegionalnea.com\/index.php\/wp-json\/wp\/v2\/posts\/1162"}],"collection":[{"href":"https:\/\/inforegionalnea.com\/index.php\/wp-json\/wp\/v2\/posts"}],"about":[{"href":"https:\/\/inforegionalnea.com\/index.php\/wp-json\/wp\/v2\/types\/post"}],"author":[{"embeddable":true,"href":"https:\/\/inforegionalnea.com\/index.php\/wp-json\/wp\/v2\/users\/2"}],"replies":[{"embeddable":true,"href":"https:\/\/inforegionalnea.com\/index.php\/wp-json\/wp\/v2\/comments?post=1162"}],"version-history":[{"count":1,"href":"https:\/\/inforegionalnea.com\/index.php\/wp-json\/wp\/v2\/posts\/1162\/revisions"}],"predecessor-version":[{"id":1164,"href":"https:\/\/inforegionalnea.com\/index.php\/wp-json\/wp\/v2\/posts\/1162\/revisions\/1164"}],"wp:featuredmedia":[{"embeddable":true,"href":"https:\/\/inforegionalnea.com\/index.php\/wp-json\/wp\/v2\/media\/1163"}],"wp:attachment":[{"href":"https:\/\/inforegionalnea.com\/index.php\/wp-json\/wp\/v2\/media?parent=1162"}],"wp:term":[{"taxonomy":"category","embeddable":true,"href":"https:\/\/inforegionalnea.com\/index.php\/wp-json\/wp\/v2\/categories?post=1162"},{"taxonomy":"post_tag","embeddable":true,"href":"https:\/\/inforegionalnea.com\/index.php\/wp-json\/wp\/v2\/tags?post=1162"}],"curies":[{"name":"wp","href":"https:\/\/api.w.org\/{rel}","templated":true}]}}